{"id":116,"date":"2020-02-15T18:26:11","date_gmt":"2020-02-15T17:26:11","guid":{"rendered":"http:\/\/codep79-plongee.fr\/?p=116"},"modified":"2020-02-17T21:17:04","modified_gmt":"2020-02-17T20:17:04","slug":"assemblee-general-23-novembre-2019","status":"publish","type":"post","link":"http:\/\/codep79-plongee.fr\/index.php\/2020\/02\/15\/assemblee-general-23-novembre-2019\/","title":{"rendered":"Assembl\u00e9e G\u00e9n\u00e9rale : 23 Novembre 2019."},"content":{"rendered":"\n<p><em>Le C.P.M MELLOIS est heureux de vous inviter \u00e0 l&rsquo;Assembl\u00e9e G\u00e9n\u00e9rale du Comit\u00e9 d\u00e9partemental des Deux S\u00e8vres qui se tiendra le 23 Novembre 2019 en lieu et place de MELLE (Salle des f\u00eates du Tapis Vert)<\/em><\/p>\n\n\n\n<p><\/p>\n\n\n\n<p class=\"has-text-align-center\"><strong>Vous trouverez ci-dessous le document projet\u00e9 lors de cet \u00e9v\u00e9nement.<\/strong><\/p>\n\n\n\n<p><\/p>\n\n\n\n<div class=\"wp-block-file aligncenter\"><a href=\"http:\/\/codep79-plongee.fr\/wp-content\/uploads\/2020\/02\/AG_2019_11.pdf\" target=\"_blank\" rel=\"noreferrer noopener\"><strong>Assembl\u00e9e G\u00e9n\u00e9rale &#8211; Novembre 2019<\/strong><\/a><a href=\"http:\/\/codep79-plongee.fr\/wp-content\/uploads\/2020\/02\/AG_2019_11.pdf\" class=\"wp-block-file__button\" download>T\u00e9l\u00e9charger<\/a><\/div>\n\n\n\n<figure class=\"wp-block-embed-vimeo aligncenter wp-block-embed is-type-video is-provider-vimeo wp-embed-aspect-16-9 wp-has-aspect-ratio\"><div class=\"wp-block-embed__wrapper\">\n<iframe loading=\"lazy\" title=\"Compte Rendu CDPV AG 2019\" src=\"https:\/\/player.vimeo.com\/video\/367585680?dnt=1&amp;app_id=122963\" width=\"960\" height=\"540\" frameborder=\"0\" allow=\"autoplay; fullscreen\" allowfullscreen><\/iframe>\n<\/div><figcaption>Compte Rendu en vid\u00e9o de la commission Photo-Vid\u00e9o Sous-marine<\/figcaption><\/figure>\n","protected":false},"excerpt":{"rendered":"<p>Le C.P.M MELLOIS est heureux de vous inviter \u00e0 l&rsquo;Assembl\u00e9e G\u00e9n\u00e9rale du Comit\u00e9 d\u00e9partemental des Deux S\u00e8vres qui se tiendra le 23 Novembre 2019 en lieu et place de MELLE (Salle des f\u00eates du Tapis Vert) Vous trouverez ci-dessous le document projet\u00e9 lors de cet \u00e9v\u00e9nement.<\/p>\n","protected":false},"author":1,"featured_media":127,"comment_status":"closed","ping_status":"closed","sticky":false,"template":"","format":"standard","meta":{"footnotes":""},"categories":[1],"tags":[],"class_list":["post-116","post","type-post","status-publish","format-standard","has-post-thumbnail","hentry","category-codep"],"_links":{"self":[{"href":"http:\/\/codep79-plongee.fr\/index.php\/wp-json\/wp\/v2\/posts\/116","targetHints":{"allow":["GET"]}}],"collection":[{"href":"http:\/\/codep79-plongee.fr\/index.php\/wp-json\/wp\/v2\/posts"}],"about":[{"href":"http:\/\/codep79-plongee.fr\/index.php\/wp-json\/wp\/v2\/types\/post"}],"author":[{"embeddable":true,"href":"http:\/\/codep79-plongee.fr\/index.php\/wp-json\/wp\/v2\/users\/1"}],"replies":[{"embeddable":true,"href":"http:\/\/codep79-plongee.fr\/index.php\/wp-json\/wp\/v2\/comments?post=116"}],"version-history":[{"count":10,"href":"http:\/\/codep79-plongee.fr\/index.php\/wp-json\/wp\/v2\/posts\/116\/revisions"}],"predecessor-version":[{"id":252,"href":"http:\/\/codep79-plongee.fr\/index.php\/wp-json\/wp\/v2\/posts\/116\/revisions\/252"}],"wp:featuredmedia":[{"embeddable":true,"href":"http:\/\/codep79-plongee.fr\/index.php\/wp-json\/wp\/v2\/media\/127"}],"wp:attachment":[{"href":"http:\/\/codep79-plongee.fr\/index.php\/wp-json\/wp\/v2\/media?parent=116"}],"wp:term":[{"taxonomy":"category","embeddable":true,"href":"http:\/\/codep79-plongee.fr\/index.php\/wp-json\/wp\/v2\/categories?post=116"},{"taxonomy":"post_tag","embeddable":true,"href":"http:\/\/codep79-plongee.fr\/index.php\/wp-json\/wp\/v2\/tags?post=116"}],"curies":[{"name":"wp","href":"https:\/\/api.w.org\/{rel}","templated":true}]}}